{"id":1592,"date":"2016-03-17T18:24:57","date_gmt":"2016-03-17T11:24:57","guid":{"rendered":"http:\/\/www.tuk.or.id\/?p=1592"},"modified":"2018-12-28T17:36:36","modified_gmt":"2018-12-28T17:36:36","slug":"fellow-honduran-activist-nelson-garcia-murdered-days-after-berta-caceres","status":"publish","type":"post","link":"https:\/\/www.tuk.or.id\/en\/2016\/03\/fellow-honduran-activist-nelson-garcia-murdered-days-after-berta-caceres\/","title":{"rendered":"Fellow Honduran activist Nelson Garc\u00eda murdered days after Berta C\u00e1ceres"},"content":{"rendered":"<p>The murder of another member of&nbsp;<a href=\"http:\/\/www.theguardian.com\/world\/2016\/mar\/03\/honduras-berta-caceres-murder-enivronment-activist-human-rights\">Berta C\u00e1ceres\u2019<\/a>&nbsp;activist organisation Copinh comes amid growing fears for the safety of her colleagues and family members<br \/>\n<a href=\"http:\/\/www.tuk.or.id\/wp-content\/uploads\/2016\/03\/4256.jpg\"><img fetchpriority=\"high\" decoding=\"async\" class=\"alignleft wp-image-1593 size-full\" src=\"http:\/\/www.tuk.or.id\/wp-content\/uploads\/2016\/03\/4256.jpg\" alt=\"4256\" width=\"620\" height=\"373\" srcset=\"https:\/\/www.tuk.or.id\/wp-content\/uploads\/2016\/03\/4256.jpg 620w, https:\/\/www.tuk.or.id\/wp-content\/uploads\/2016\/03\/4256-300x180.jpg 300w, https:\/\/www.tuk.or.id\/wp-content\/uploads\/2016\/03\/4256-450x271.jpg 450w\" sizes=\"(max-width: 620px) 100vw, 620px\" \/><\/a>Hundreds gathered for the funeral of murdered indigenous activist Berta C\u00e1ceres, in La Esperanza on 5 March 2016. Photograph: Orlando Sierra\/AFP\/Getty Images<br \/>\nAnother indigenous activist has been murdered in Honduras amid an escalating wave of repression against the relatives and colleagues of renowned campaigner <a href=\"http:\/\/www.theguardian.com\/world\/2016\/mar\/03\/honduras-berta-caceres-murder-enivronment-activist-human-rights\">Berta C\u00e1ceres, who was murdered&nbsp;<\/a>less than two weeks ago.<br \/>\nNelson Garc\u00eda, 38, an active member of the Civic Council of Popular and Indigenous Organisations of&nbsp;<a href=\"http:\/\/www.theguardian.com\/world\/honduras\">Honduras<\/a>&nbsp;(Copinh) was killed on Tuesday after a violent eviction carried out by Honduran security forces in a nearby Lenca indigenous community.<br \/>\nGarc\u00eda was shot dead in the face by unidentified gunmen as he returned to his family home in R\u00edo Lindo, north-west Honduras \u2013 about 100 miles south of La Esperanza where C\u00e1ceres was murdered at home on 3 March.<br \/>\nGarc\u00eda spent the morning with the R\u00edo Chiquito community where more than one hundred police and military officers helped evict dozens of families from land which local politicians claim doesn\u2019t belong to them. Their simple timber houses and crops were destroyed using heavy machinery yesterday morning, according to Copinh.<br \/>\nC\u00e1ceres co-founded Copinh 22 years ago amid growing threats to Lenca territory from loggers, farmers and state-sponsored projects.<br \/>\nLast year, the activist won the prestigious&nbsp;<a href=\"http:\/\/www.theguardian.com\/world\/2015\/apr\/20\/honduran-indigenous-rights-campaigner-wins-goldman-prize\">Goldman Environmental Prize<\/a>&nbsp;for her opposition to one of the region\u2019s biggest hydroelectric projects, a cascade of four dams in the Gualcarque river basin, including the Agua Zarca dam. The river is sacred to the Lenca people and the proposed dam would cut-off food and medicine supplies to nearby communities.<br \/>\nC\u00e1ceres was shot dead at her home after suffering years of intimidation and threats against her life linked to her activism.<br \/>\nSince then, there has been growing fears for the safety of her colleagues and family members who have been subject to harassment and intimidation by the authorities.<br \/>\n<a href=\"http:\/\/www.tuk.or.id\/wp-content\/uploads\/2016\/03\/3500.jpg\"><img decoding=\"async\" class=\"alignleft wp-image-1594 size-full\" src=\"http:\/\/www.tuk.or.id\/wp-content\/uploads\/2016\/03\/3500.jpg\" alt=\"3500\" width=\"620\" height=\"372\" srcset=\"https:\/\/www.tuk.or.id\/wp-content\/uploads\/2016\/03\/3500.jpg 620w, https:\/\/www.tuk.or.id\/wp-content\/uploads\/2016\/03\/3500-300x180.jpg 300w, https:\/\/www.tuk.or.id\/wp-content\/uploads\/2016\/03\/3500-450x270.jpg 450w\" sizes=\"(max-width: 620px) 100vw, 620px\" \/><\/a><br \/>\nAn activist carries a photo of Berta C\u00e1ceres during a protest to mark International Women\u2019s Day in San Jos\u00e9, Costa Rica, on 8 March 2016. Photograph: Juan Carlos Ulate\/Reuters<br \/>\n<a href=\"http:\/\/www.tuk.or.id\/wp-content\/uploads\/2016\/03\/3500-1.jpg\"><img decoding=\"async\" class=\"alignleft wp-image-1595 size-full\" src=\"http:\/\/www.tuk.or.id\/wp-content\/uploads\/2016\/03\/3500-1.jpg\" alt=\"3500 (1)\" width=\"620\" height=\"372\" srcset=\"https:\/\/www.tuk.or.id\/wp-content\/uploads\/2016\/03\/3500-1.jpg 620w, https:\/\/www.tuk.or.id\/wp-content\/uploads\/2016\/03\/3500-1-300x180.jpg 300w, https:\/\/www.tuk.or.id\/wp-content\/uploads\/2016\/03\/3500-1-450x270.jpg 450w\" sizes=\"(max-width: 620px) 100vw, 620px\" \/><\/a><br \/>\nActivists demonstrate during International Women\u2019s Day outside the embassy of Honduras in Mexico City. Photograph: Edgard Garrido\/Reuters<br \/>\nAccording to Copinh, eight of the organization\u2019s nine coordinators in La Esperanza have since been interrogated for up to 12 hours at a time on numerous occasions without being properly informed of the reasons for their questioning. Aureliano Molina, one of the group\u2019s leaders, was detained hours after the killing and released 48 hours later without charges. A few days later, several unidentified men driving cars without number plates circled Molina\u2019s home and tried to gain entry to conduct an illegal search.<br \/>\nThe comings and goings in various Copinh offices, including the community radio station and a women\u2019s shelter, have been subject to illegal monitoring since the murder. In addition, police officers were observed photographing protesters last week at a march in La Esperanza demanding justice for C\u00e1ceres. One of her daughters has also reported being followed by plainclothes armed men in the capital, Tegucigalpa.<br \/>\n\u201cWe demand an end to the persecution, harassment and the war against Copinh members,\u201d the group said in a statement on Wednesday. \u201cWe demand justice for our dead colleagues from the Honduran government and an end to impunity.\u201d<br \/>\nAmnesty International is among several international human rights groups to raise the alarm about the welfare of Mexican activist Gustavo Castro Soto, who witnessed the murder of C\u00e1ceres and suffered gunshot wounds himself, as he has been prevented from leaving Honduras.<br \/>\nAn urgent request made on 5 March by the Inter-American Commission for Human Rights for safety measures to protect Copinh members, Soto and C\u00e1ceres\u2019 family has so far been ignored by the Honduran government. Copinh and Caceres\u2019 daughter Bertha have called for an independent investigation into the activist\u2019s death.<br \/>\nHonduras is the most dangerous country in the world for environmental defenders with 101 murdered between 2010 and 2014, according to the NGO Global Witness.<br \/>\nLink:<br \/>\n<a href=\"http:\/\/www.theguardian.com\/world\/2016\/mar\/16\/berta-caceres-nelson-garcia-murdered-copinh-fellow-activist\">http:\/\/www.theguardian.com\/world\/2016\/mar\/16\/berta-caceres-nelson-garcia-murdered-copinh-fellow-activist<\/a><\/p>\n","protected":false},"excerpt":{"rendered":"<p>The murder of another member of&nbsp;Berta C\u00e1ceres\u2019&nbsp;activist organisation Copinh comes amid growing fears for the safety of her colleagues and [&hellip;]<\/p>\n","protected":false},"author":3,"featured_media":1593,"comment_status":"open","ping_status":"open","sticky":false,"template":"","format":"standard","meta":{"_acf_changed":false,"site-sidebar-layout":"default","site-content-layout":"","ast-site-content-layout":"","site-content-style":"default","site-sidebar-style":"default","ast-global-header-display":"","ast-banner-title-visibility":"","ast-main-header-display":"","ast-hfb-above-header-display":"","ast-hfb-below-header-display":"","ast-hfb-mobile-header-display":"","site-post-title":"","ast-breadcrumbs-content":"","ast-featured-img":"","footer-sml-layout":"","theme-transparent-header-meta":"","adv-header-id-meta":"","stick-header-meta":"","header-above-stick-meta":"","header-main-stick-meta":"","header-below-stick-meta":"","astra-migrate-meta-layouts":"default","ast-page-background-enabled":"default","ast-page-background-meta":{"desktop":{"background-color":"var(--ast-global-color-4)","background-image":"","background-repeat":"repeat","background-position":"center center","background-size":"auto","background-attachment":"scroll","background-type":"","background-media":"","overlay-type":"","overlay-color":"","overlay-opacity":"","overlay-gradient":""},"tablet":{"background-color":"","background-image":"","background-repeat":"repeat","background-position":"center center","background-size":"auto","background-attachment":"scroll","background-type":"","background-media":"","overlay-type":"","overlay-color":"","overlay-opacity":"","overlay-gradient":""},"mobile":{"background-color":"","background-image":"","background-repeat":"repeat","background-position":"center center","background-size":"auto","background-attachment":"scroll","background-type":"","background-media":"","overlay-type":"","overlay-color":"","overlay-opacity":"","overlay-gradient":""}},"ast-content-background-meta":{"desktop":{"background-color":"var(--ast-global-color-5)","background-image":"","background-repeat":"repeat","background-position":"center center","background-size":"auto","background-attachment":"scroll","background-type":"","background-media":"","overlay-type":"","overlay-color":"","overlay-opacity":"","overlay-gradient":""},"tablet":{"background-color":"var(--ast-global-color-5)","background-image":"","background-repeat":"repeat","background-position":"center center","background-size":"auto","background-attachment":"scroll","background-type":"","background-media":"","overlay-type":"","overlay-color":"","overlay-opacity":"","overlay-gradient":""},"mobile":{"background-color":"var(--ast-global-color-5)","background-image":"","background-repeat":"repeat","background-position":"center center","background-size":"auto","background-attachment":"scroll","background-type":"","background-media":"","overlay-type":"","overlay-color":"","overlay-opacity":"","overlay-gradient":""}},"footnotes":""},"categories":[13],"tags":[],"class_list":["post-1592","post","type-post","status-publish","format-standard","has-post-thumbnail","hentry","category-artikel"],"acf":[],"yoast_head":"<!-- This site is optimized with the Yoast SEO plugin v26.6 - https:\/\/yoast.com\/wordpress\/plugins\/seo\/ -->\n<title>Fellow Honduran activist Nelson Garc\u00eda murdered days after Berta C\u00e1ceres - TuK Indonesia<\/title>\n<meta name=\"description\" content=\"TuK Indonesia - Fellow Honduran activist Nelson Garc\u00eda murdered days after Berta C\u00e1ceres\" \/>\n<meta name=\"robots\" content=\"index, follow, max-snippet:-1, max-image-preview:large, max-video-preview:-1\" \/>\n<link rel=\"canonical\" href=\"https:\/\/www.tuk.or.id\/2016\/03\/fellow-honduran-activist-nelson-garcia-murdered-days-after-berta-caceres\/\" \/>\n<meta property=\"og:locale\" content=\"id_ID\" \/>\n<meta property=\"og:type\" content=\"article\" \/>\n<meta property=\"og:title\" content=\"Fellow Honduran activist Nelson Garc\u00eda murdered days after Berta C\u00e1ceres - TuK Indonesia\" \/>\n<meta property=\"og:description\" content=\"TuK Indonesia - Fellow Honduran activist Nelson Garc\u00eda murdered days after Berta C\u00e1ceres\" \/>\n<meta property=\"og:url\" content=\"https:\/\/www.tuk.or.id\/en\/2016\/03\/fellow-honduran-activist-nelson-garcia-murdered-days-after-berta-caceres\/\" \/>\n<meta property=\"og:site_name\" content=\"TuK Indonesia\" \/>\n<meta property=\"article:publisher\" content=\"https:\/\/www.facebook.com\/TuKINDONESIA\/\" \/>\n<meta property=\"article:published_time\" content=\"2016-03-17T11:24:57+00:00\" \/>\n<meta property=\"article:modified_time\" content=\"2018-12-28T17:36:36+00:00\" \/>\n<meta property=\"og:image\" content=\"https:\/\/www.tuk.or.id\/wp-content\/uploads\/2016\/03\/4256.jpg\" \/>\n\t<meta property=\"og:image:width\" content=\"620\" \/>\n\t<meta property=\"og:image:height\" content=\"373\" \/>\n\t<meta property=\"og:image:type\" content=\"image\/jpeg\" \/>\n<meta name=\"author\" content=\"TuK Indonesia\" \/>\n<meta name=\"twitter:card\" content=\"summary_large_image\" \/>\n<meta name=\"twitter:creator\" content=\"@TuK_Indonesia\" \/>\n<meta name=\"twitter:site\" content=\"@TuK_Indonesia\" \/>\n<meta name=\"twitter:label1\" content=\"Ditulis oleh\" \/>\n\t<meta name=\"twitter:data1\" content=\"TuK Indonesia\" \/>\n\t<meta name=\"twitter:label2\" content=\"Estimasi waktu membaca\" \/>\n\t<meta name=\"twitter:data2\" content=\"3 menit\" \/>\n<script type=\"application\/ld+json\" class=\"yoast-schema-graph\">{\"@context\":\"https:\/\/schema.org\",\"@graph\":[{\"@type\":\"Article\",\"@id\":\"https:\/\/www.tuk.or.id\/en\/2016\/03\/fellow-honduran-activist-nelson-garcia-murdered-days-after-berta-caceres\/#article\",\"isPartOf\":{\"@id\":\"https:\/\/www.tuk.or.id\/en\/2016\/03\/fellow-honduran-activist-nelson-garcia-murdered-days-after-berta-caceres\/\"},\"author\":{\"name\":\"TuK Indonesia\",\"@id\":\"https:\/\/www.tuk.or.id\/#\/schema\/person\/1cab48c0bbfa2f19e41891fa49125661\"},\"headline\":\"Fellow Honduran activist Nelson Garc\u00eda murdered days after Berta C\u00e1ceres\",\"datePublished\":\"2016-03-17T11:24:57+00:00\",\"dateModified\":\"2018-12-28T17:36:36+00:00\",\"mainEntityOfPage\":{\"@id\":\"https:\/\/www.tuk.or.id\/en\/2016\/03\/fellow-honduran-activist-nelson-garcia-murdered-days-after-berta-caceres\/\"},\"wordCount\":711,\"commentCount\":0,\"publisher\":{\"@id\":\"https:\/\/www.tuk.or.id\/#organization\"},\"image\":{\"@id\":\"https:\/\/www.tuk.or.id\/en\/2016\/03\/fellow-honduran-activist-nelson-garcia-murdered-days-after-berta-caceres\/#primaryimage\"},\"thumbnailUrl\":\"https:\/\/www.tuk.or.id\/wp-content\/uploads\/2016\/03\/4256.jpg\",\"articleSection\":[\"Artikel\"],\"inLanguage\":\"id\",\"potentialAction\":[{\"@type\":\"CommentAction\",\"name\":\"Comment\",\"target\":[\"https:\/\/www.tuk.or.id\/en\/2016\/03\/fellow-honduran-activist-nelson-garcia-murdered-days-after-berta-caceres\/#respond\"]}]},{\"@type\":\"WebPage\",\"@id\":\"https:\/\/www.tuk.or.id\/en\/2016\/03\/fellow-honduran-activist-nelson-garcia-murdered-days-after-berta-caceres\/\",\"url\":\"https:\/\/www.tuk.or.id\/en\/2016\/03\/fellow-honduran-activist-nelson-garcia-murdered-days-after-berta-caceres\/\",\"name\":\"Fellow Honduran activist Nelson Garc\u00eda murdered days after Berta C\u00e1ceres - TuK Indonesia\",\"isPartOf\":{\"@id\":\"https:\/\/www.tuk.or.id\/#website\"},\"primaryImageOfPage\":{\"@id\":\"https:\/\/www.tuk.or.id\/en\/2016\/03\/fellow-honduran-activist-nelson-garcia-murdered-days-after-berta-caceres\/#primaryimage\"},\"image\":{\"@id\":\"https:\/\/www.tuk.or.id\/en\/2016\/03\/fellow-honduran-activist-nelson-garcia-murdered-days-after-berta-caceres\/#primaryimage\"},\"thumbnailUrl\":\"https:\/\/www.tuk.or.id\/wp-content\/uploads\/2016\/03\/4256.jpg\",\"datePublished\":\"2016-03-17T11:24:57+00:00\",\"dateModified\":\"2018-12-28T17:36:36+00:00\",\"description\":\"TuK Indonesia - Fellow Honduran activist Nelson Garc\u00eda murdered days after Berta C\u00e1ceres\",\"breadcrumb\":{\"@id\":\"https:\/\/www.tuk.or.id\/en\/2016\/03\/fellow-honduran-activist-nelson-garcia-murdered-days-after-berta-caceres\/#breadcrumb\"},\"inLanguage\":\"id\",\"potentialAction\":[{\"@type\":\"ReadAction\",\"target\":[\"https:\/\/www.tuk.or.id\/en\/2016\/03\/fellow-honduran-activist-nelson-garcia-murdered-days-after-berta-caceres\/\"]}]},{\"@type\":\"ImageObject\",\"inLanguage\":\"id\",\"@id\":\"https:\/\/www.tuk.or.id\/en\/2016\/03\/fellow-honduran-activist-nelson-garcia-murdered-days-after-berta-caceres\/#primaryimage\",\"url\":\"https:\/\/www.tuk.or.id\/wp-content\/uploads\/2016\/03\/4256.jpg\",\"contentUrl\":\"https:\/\/www.tuk.or.id\/wp-content\/uploads\/2016\/03\/4256.jpg\",\"width\":620,\"height\":373},{\"@type\":\"BreadcrumbList\",\"@id\":\"https:\/\/www.tuk.or.id\/en\/2016\/03\/fellow-honduran-activist-nelson-garcia-murdered-days-after-berta-caceres\/#breadcrumb\",\"itemListElement\":[{\"@type\":\"ListItem\",\"position\":1,\"name\":\"Home\",\"item\":\"https:\/\/www.tuk.or.id\/\"},{\"@type\":\"ListItem\",\"position\":2,\"name\":\"Fellow Honduran activist Nelson Garc\u00eda murdered days after Berta C\u00e1ceres\"}]},{\"@type\":\"WebSite\",\"@id\":\"https:\/\/www.tuk.or.id\/#website\",\"url\":\"https:\/\/www.tuk.or.id\/\",\"name\":\"TuK Indonesia\",\"description\":\"Transformasi untuk Keadilan\",\"publisher\":{\"@id\":\"https:\/\/www.tuk.or.id\/#organization\"},\"potentialAction\":[{\"@type\":\"SearchAction\",\"target\":{\"@type\":\"EntryPoint\",\"urlTemplate\":\"https:\/\/www.tuk.or.id\/?s={search_term_string}\"},\"query-input\":{\"@type\":\"PropertyValueSpecification\",\"valueRequired\":true,\"valueName\":\"search_term_string\"}}],\"inLanguage\":\"id\"},{\"@type\":\"Organization\",\"@id\":\"https:\/\/www.tuk.or.id\/#organization\",\"name\":\"TuK Indonesia\",\"url\":\"https:\/\/www.tuk.or.id\/\",\"logo\":{\"@type\":\"ImageObject\",\"inLanguage\":\"id\",\"@id\":\"https:\/\/www.tuk.or.id\/#\/schema\/logo\/image\/\",\"url\":\"https:\/\/www.tuk.or.id\/wp-content\/uploads\/Profile-logo-square.png\",\"contentUrl\":\"https:\/\/www.tuk.or.id\/wp-content\/uploads\/Profile-logo-square.png\",\"width\":550,\"height\":550,\"caption\":\"TuK Indonesia\"},\"image\":{\"@id\":\"https:\/\/www.tuk.or.id\/#\/schema\/logo\/image\/\"},\"sameAs\":[\"https:\/\/www.facebook.com\/TuKINDONESIA\/\",\"https:\/\/x.com\/TuK_Indonesia\",\"https:\/\/www.instagram.com\/tukindonesia\/\",\"https:\/\/www.linkedin.com\/company\/tuk-indonesia\/about\/\"]},{\"@type\":\"Person\",\"@id\":\"https:\/\/www.tuk.or.id\/#\/schema\/person\/1cab48c0bbfa2f19e41891fa49125661\",\"name\":\"TuK Indonesia\",\"image\":{\"@type\":\"ImageObject\",\"inLanguage\":\"id\",\"@id\":\"https:\/\/www.tuk.or.id\/#\/schema\/person\/image\/\",\"url\":\"https:\/\/secure.gravatar.com\/avatar\/21dbf1c62ad5df5494916b822c4bf61ea0db90ee0d91488027b29c0bc3233f8d?s=96&d=mm&r=g\",\"contentUrl\":\"https:\/\/secure.gravatar.com\/avatar\/21dbf1c62ad5df5494916b822c4bf61ea0db90ee0d91488027b29c0bc3233f8d?s=96&d=mm&r=g\",\"caption\":\"TuK Indonesia\"},\"description\":\"Editor\",\"url\":\"https:\/\/www.tuk.or.id\/author\/redaksi\/\"}]}<\/script>\n<!-- \/ Yoast SEO plugin. -->","yoast_head_json":{"title":"Fellow Honduran activist Nelson Garc\u00eda murdered days after Berta C\u00e1ceres - TuK Indonesia","description":"TuK Indonesia - Fellow Honduran activist Nelson Garc\u00eda murdered days after Berta C\u00e1ceres","robots":{"index":"index","follow":"follow","max-snippet":"max-snippet:-1","max-image-preview":"max-image-preview:large","max-video-preview":"max-video-preview:-1"},"canonical":"https:\/\/www.tuk.or.id\/2016\/03\/fellow-honduran-activist-nelson-garcia-murdered-days-after-berta-caceres\/","og_locale":"id_ID","og_type":"article","og_title":"Fellow Honduran activist Nelson Garc\u00eda murdered days after Berta C\u00e1ceres - TuK Indonesia","og_description":"TuK Indonesia - Fellow Honduran activist Nelson Garc\u00eda murdered days after Berta C\u00e1ceres","og_url":"https:\/\/www.tuk.or.id\/en\/2016\/03\/fellow-honduran-activist-nelson-garcia-murdered-days-after-berta-caceres\/","og_site_name":"TuK Indonesia","article_publisher":"https:\/\/www.facebook.com\/TuKINDONESIA\/","article_published_time":"2016-03-17T11:24:57+00:00","article_modified_time":"2018-12-28T17:36:36+00:00","og_image":[{"width":620,"height":373,"url":"https:\/\/www.tuk.or.id\/wp-content\/uploads\/2016\/03\/4256.jpg","type":"image\/jpeg"}],"author":"TuK Indonesia","twitter_card":"summary_large_image","twitter_creator":"@TuK_Indonesia","twitter_site":"@TuK_Indonesia","twitter_misc":{"Ditulis oleh":"TuK Indonesia","Estimasi waktu membaca":"3 menit"},"schema":{"@context":"https:\/\/schema.org","@graph":[{"@type":"Article","@id":"https:\/\/www.tuk.or.id\/en\/2016\/03\/fellow-honduran-activist-nelson-garcia-murdered-days-after-berta-caceres\/#article","isPartOf":{"@id":"https:\/\/www.tuk.or.id\/en\/2016\/03\/fellow-honduran-activist-nelson-garcia-murdered-days-after-berta-caceres\/"},"author":{"name":"TuK Indonesia","@id":"https:\/\/www.tuk.or.id\/#\/schema\/person\/1cab48c0bbfa2f19e41891fa49125661"},"headline":"Fellow Honduran activist Nelson Garc\u00eda murdered days after Berta C\u00e1ceres","datePublished":"2016-03-17T11:24:57+00:00","dateModified":"2018-12-28T17:36:36+00:00","mainEntityOfPage":{"@id":"https:\/\/www.tuk.or.id\/en\/2016\/03\/fellow-honduran-activist-nelson-garcia-murdered-days-after-berta-caceres\/"},"wordCount":711,"commentCount":0,"publisher":{"@id":"https:\/\/www.tuk.or.id\/#organization"},"image":{"@id":"https:\/\/www.tuk.or.id\/en\/2016\/03\/fellow-honduran-activist-nelson-garcia-murdered-days-after-berta-caceres\/#primaryimage"},"thumbnailUrl":"https:\/\/www.tuk.or.id\/wp-content\/uploads\/2016\/03\/4256.jpg","articleSection":["Artikel"],"inLanguage":"id","potentialAction":[{"@type":"CommentAction","name":"Comment","target":["https:\/\/www.tuk.or.id\/en\/2016\/03\/fellow-honduran-activist-nelson-garcia-murdered-days-after-berta-caceres\/#respond"]}]},{"@type":"WebPage","@id":"https:\/\/www.tuk.or.id\/en\/2016\/03\/fellow-honduran-activist-nelson-garcia-murdered-days-after-berta-caceres\/","url":"https:\/\/www.tuk.or.id\/en\/2016\/03\/fellow-honduran-activist-nelson-garcia-murdered-days-after-berta-caceres\/","name":"Fellow Honduran activist Nelson Garc\u00eda murdered days after Berta C\u00e1ceres - TuK Indonesia","isPartOf":{"@id":"https:\/\/www.tuk.or.id\/#website"},"primaryImageOfPage":{"@id":"https:\/\/www.tuk.or.id\/en\/2016\/03\/fellow-honduran-activist-nelson-garcia-murdered-days-after-berta-caceres\/#primaryimage"},"image":{"@id":"https:\/\/www.tuk.or.id\/en\/2016\/03\/fellow-honduran-activist-nelson-garcia-murdered-days-after-berta-caceres\/#primaryimage"},"thumbnailUrl":"https:\/\/www.tuk.or.id\/wp-content\/uploads\/2016\/03\/4256.jpg","datePublished":"2016-03-17T11:24:57+00:00","dateModified":"2018-12-28T17:36:36+00:00","description":"TuK Indonesia - Fellow Honduran activist Nelson Garc\u00eda murdered days after Berta C\u00e1ceres","breadcrumb":{"@id":"https:\/\/www.tuk.or.id\/en\/2016\/03\/fellow-honduran-activist-nelson-garcia-murdered-days-after-berta-caceres\/#breadcrumb"},"inLanguage":"id","potentialAction":[{"@type":"ReadAction","target":["https:\/\/www.tuk.or.id\/en\/2016\/03\/fellow-honduran-activist-nelson-garcia-murdered-days-after-berta-caceres\/"]}]},{"@type":"ImageObject","inLanguage":"id","@id":"https:\/\/www.tuk.or.id\/en\/2016\/03\/fellow-honduran-activist-nelson-garcia-murdered-days-after-berta-caceres\/#primaryimage","url":"https:\/\/www.tuk.or.id\/wp-content\/uploads\/2016\/03\/4256.jpg","contentUrl":"https:\/\/www.tuk.or.id\/wp-content\/uploads\/2016\/03\/4256.jpg","width":620,"height":373},{"@type":"BreadcrumbList","@id":"https:\/\/www.tuk.or.id\/en\/2016\/03\/fellow-honduran-activist-nelson-garcia-murdered-days-after-berta-caceres\/#breadcrumb","itemListElement":[{"@type":"ListItem","position":1,"name":"Home","item":"https:\/\/www.tuk.or.id\/"},{"@type":"ListItem","position":2,"name":"Fellow Honduran activist Nelson Garc\u00eda murdered days after Berta C\u00e1ceres"}]},{"@type":"WebSite","@id":"https:\/\/www.tuk.or.id\/#website","url":"https:\/\/www.tuk.or.id\/","name":"TuK Indonesia","description":"Transformasi untuk Keadilan","publisher":{"@id":"https:\/\/www.tuk.or.id\/#organization"},"potentialAction":[{"@type":"SearchAction","target":{"@type":"EntryPoint","urlTemplate":"https:\/\/www.tuk.or.id\/?s={search_term_string}"},"query-input":{"@type":"PropertyValueSpecification","valueRequired":true,"valueName":"search_term_string"}}],"inLanguage":"id"},{"@type":"Organization","@id":"https:\/\/www.tuk.or.id\/#organization","name":"TuK Indonesia","url":"https:\/\/www.tuk.or.id\/","logo":{"@type":"ImageObject","inLanguage":"id","@id":"https:\/\/www.tuk.or.id\/#\/schema\/logo\/image\/","url":"https:\/\/www.tuk.or.id\/wp-content\/uploads\/Profile-logo-square.png","contentUrl":"https:\/\/www.tuk.or.id\/wp-content\/uploads\/Profile-logo-square.png","width":550,"height":550,"caption":"TuK Indonesia"},"image":{"@id":"https:\/\/www.tuk.or.id\/#\/schema\/logo\/image\/"},"sameAs":["https:\/\/www.facebook.com\/TuKINDONESIA\/","https:\/\/x.com\/TuK_Indonesia","https:\/\/www.instagram.com\/tukindonesia\/","https:\/\/www.linkedin.com\/company\/tuk-indonesia\/about\/"]},{"@type":"Person","@id":"https:\/\/www.tuk.or.id\/#\/schema\/person\/1cab48c0bbfa2f19e41891fa49125661","name":"TuK Indonesia","image":{"@type":"ImageObject","inLanguage":"id","@id":"https:\/\/www.tuk.or.id\/#\/schema\/person\/image\/","url":"https:\/\/secure.gravatar.com\/avatar\/21dbf1c62ad5df5494916b822c4bf61ea0db90ee0d91488027b29c0bc3233f8d?s=96&d=mm&r=g","contentUrl":"https:\/\/secure.gravatar.com\/avatar\/21dbf1c62ad5df5494916b822c4bf61ea0db90ee0d91488027b29c0bc3233f8d?s=96&d=mm&r=g","caption":"TuK Indonesia"},"description":"Editor","url":"https:\/\/www.tuk.or.id\/author\/redaksi\/"}]}},"_links":{"self":[{"href":"https:\/\/www.tuk.or.id\/en\/wp-json\/wp\/v2\/posts\/1592\/"}],"collection":[{"href":"https:\/\/www.tuk.or.id\/en\/wp-json\/wp\/v2\/posts\/"}],"about":[{"href":"https:\/\/www.tuk.or.id\/en\/wp-json\/wp\/v2\/types\/post\/"}],"author":[{"embeddable":true,"href":"https:\/\/www.tuk.or.id\/en\/wp-json\/wp\/v2\/users\/3\/"}],"replies":[{"embeddable":true,"href":"https:\/\/www.tuk.or.id\/en\/wp-json\/wp\/v2\/comments\/?post=1592"}],"version-history":[{"count":0,"href":"https:\/\/www.tuk.or.id\/en\/wp-json\/wp\/v2\/posts\/1592\/revisions\/"}],"wp:featuredmedia":[{"embeddable":true,"href":"https:\/\/www.tuk.or.id\/en\/wp-json\/wp\/v2\/media\/1593\/"}],"wp:attachment":[{"href":"https:\/\/www.tuk.or.id\/en\/wp-json\/wp\/v2\/media\/?parent=1592"}],"wp:term":[{"taxonomy":"category","embeddable":true,"href":"https:\/\/www.tuk.or.id\/en\/wp-json\/wp\/v2\/categories\/?post=1592"},{"taxonomy":"post_tag","embeddable":true,"href":"https:\/\/www.tuk.or.id\/en\/wp-json\/wp\/v2\/tags\/?post=1592"}],"curies":[{"name":"wp","href":"https:\/\/api.w.org\/{rel}","templated":true}]}}